{"id":651,"date":"2018-04-28T13:21:13","date_gmt":"2018-04-28T13:21:13","guid":{"rendered":"http:\/\/vandaspengler.com\/?p=651"},"modified":"2018-04-28T13:25:46","modified_gmt":"2018-04-28T13:25:46","slug":"le-litteraire-lentretien","status":"publish","type":"post","link":"https:\/\/vandaspengler.com\/index.php\/2018\/04\/28\/le-litteraire-lentretien\/","title":{"rendered":"Le Litt\u00e9raire (l&rsquo;entretien)"},"content":{"rendered":"<h1 class=\"entry-title\">Celle qui aime le fromage et faire rire (jaune) : entretien avec l\u2019artiste Vanda Spengler<\/h1>\n<p>&nbsp;<\/p>\n<p><a href=\"http:\/\/www.lelitteraire.com\/?p=31109\">http:\/\/www.lelitteraire.com\/?p=31109<\/a><\/p>\n<p>&nbsp;<\/p>\n<p>&nbsp;<\/p>\n<div class=\"entry entry-content\">\n<p class=\"first-child \"><strong><a href=\"http:\/\/www.lelitteraire.com\/?attachment_id=31179\" rel=\"attachment wp-att-31179\"><img loading=\"lazy\" decoding=\"async\" class=\"alignleft size-medium wp-image-31179\" title=\"vanda\" src=\"http:\/\/www.lelitteraire.com\/wp-content\/uploads\/2017\/05\/vanda-300x201.png\" alt=\"\" width=\"300\" height=\"201\" \/><\/a><\/strong><span class=\"cap\" title=\"V\">V<\/span>anda Spen\u00adgler<strong>\u00a0<\/strong>joue avec la nudit\u00e9 mais sans jamais s\u2019en moquer, bien au contraire. Elle \u00ab l\u2019utilise \u00bb sans le r\u00e9duire \u00e0\u00a0de la viande \u00e0\u00a0fan\u00adtasmes. L\u2019artiste cr\u00e9e divers c\u00e9r\u00e9\u00admo\u00adniaux (par\u00adfois inqui\u00e9\u00adtants) en ins\u00adtrui\u00adsant des liens entre l\u2019imaginaire et le r\u00e9el. Ses\u00a0pho\u00adto\u00adgra\u00adphies\u00a0ram\u00e8nent tou\u00adjours \u00e0\u00a0la sid\u00e9\u00adra\u00adtion. On pense par\u00adfois \u00e0\u00a0Paso\u00adlini. D\u2019autant que chez elle l\u2019image fixe recom\u00adpose le mou\u00adve\u00adment. L\u2019\u00e9ros devient un cos\u00admos cr\u00e9\u00e9 avec consi\u00add\u00e9\u00adra\u00adtion, gr\u00e2ce et vio\u00adlence. Les femmes ne sont en rien des \u00ab roses pourpres du Caire \u00bb embar\u00adras\u00ads\u00e9es de la lumi\u00e8re de lumi\u00adgnons super\u00adf\u00e9\u00adta\u00adtoires. La f\u00eate \u2014 si f\u00eate il y\u00a0a \u2013est sou\u00advent froide, voire une f\u00e9e\u00adrie gla\u00adc\u00e9e d\u2019une bien autre enver\u00adgure et pro\u00adfon\u00addeur.\u00a0<span id=\"more-31109\"><\/span>Entre les \u00ab mod\u00e8les \u00bb et la cr\u00e9a\u00adtrice se cr\u00e9e un fais\u00adceau \u00e9ner\u00adg\u00e9\u00adtique quasi magique. Les images intriguent. Elles cr\u00e9ent par\u00adfois un ravis\u00adse\u00adment, par\u00adfois une ter\u00adreur. Mais tou\u00adjours un recueille\u00adment. Le rire que Vanda Spen\u00adgler aime pro\u00advo\u00adquer n\u2019est pas tou\u00adjours \u00e9vident. Sauf \u00e0\u00a0celles et ceux qui savent \u00ab lire \u00bb \u2014 au sein m\u00eame de la sc\u00e9\u00adna\u00adri\u00adsa\u00adtion d\u2019une sin\u00adgu\u00adla\u00adrit\u00e9 \u2014 l\u2019\u00e9pouvantable et le dr\u00f4lerie.<\/p>\n<p><strong>Entre\u00adtien\u00a0:<\/strong><\/p>\n<p><em>Qu\u2019est-ce qui vous fait lever le matin ?<\/em><br \/>\nLa faim ! Si je n\u2019avais pas un bam\u00adbin et un emploi, je dirais que sou\u00advent rien ne me donne envie de me lever. Je v\u00e9n\u00e8re mon lit, je d\u00e9teste le matin, ce qui est bien dom\u00admage vu la qua\u00adlit\u00e9 de la lumi\u00e8re matinale.<\/p>\n<p><em>Que sont deve\u00adnus vos r\u00eaves d\u2019enfant ?<\/em><br \/>\nMes r\u00eaves de gosse se sont for\u00adc\u00e9\u00adment un peu alour\u00addis mais ils res\u00adtent bien ancr\u00e9s en moi. Je vou\u00adlais \u00eatre r\u00e9a\u00adli\u00adsa\u00adtrice de films et faire rire les gens. A\u00a0peu de chose pr\u00e8s, ma vie et mes r\u00eaves res\u00adsemblent encore un peu \u00e0\u00a0\u00e7a.<\/p>\n<p><em>A quoi avez-vous renonc\u00e9 ?<\/em><br \/>\nJ\u2019ai renonc\u00e9 au jusqu\u2019au-boutisme et \u00e0\u00a0une part d\u2019insouciance peut \u00eatre, \u00e0\u00a0l\u2019inconscience. Je vois le monde dans lequel je vis, je le res\u00adsens , je ne le fan\u00adtasme\u00a0plus.<\/p>\n<p><em>D\u2019o\u00f9 venez-vous ?<\/em><br \/>\nJe viens d\u2019une famille tr\u00e8s aimante et riche humai\u00adne\u00adment. Pleine de n\u00e9vroses de par\u00adtout mais ne sont-ce pas aussi nos asp\u00e9\u00adri\u00adt\u00e9s qui nous rendent tou\u00adchants et vivants ?<\/p>\n<p><em>Qu\u2019avez-vous re\u00e7u en dot ?<\/em><br \/>\nUne bourse pleine d\u2019amour et de champs des possibles.<\/p>\n<p><em>Un petit plai\u00adsir \u2014 quo\u00adti\u00addien ou non ?<\/em><br \/>\nMan\u00adger du fromage.<\/p>\n<p><em>Qu\u2019est \u2014 ce qui vous dis\u00adtingue des autres artistes ?<\/em><br \/>\nJ\u2019ai d\u00e9j\u00e0 du mal \u00e0\u00a0me d\u00e9fi\u00adnir comme tel alors savoir ce qui me dis\u00adtingue des autres\u2026 dr\u00f4le de question!<\/p>\n<p><em>Com\u00adment d\u00e9finiriez-vous votre approche du corps ?<\/em><br \/>\nBrute. Pri\u00admi\u00adtive. D\u00e9s\u00e9quilibr\u00e9e.<\/p>\n<p><em>Quelle est la pre\u00admi\u00e8re image qui vous inter\u00adpella ?<\/em><br \/>\nMon pre\u00admier sou\u00adve\u00adnir est un sou\u00adve\u00adnir dou\u00adlou\u00adreux : j\u2019\u00e9tais \u00e0\u00a0grande vitesse sur un tour\u00adni\u00adquet et je suis tom\u00adb\u00e9e. Je me suis bles\u00ads\u00e9e. Mes pre\u00admi\u00e8res images sont donc le sol qui se rap\u00adproche de ma t\u00eate et l\u2019aiguille qui la recoud \u00e0\u00a0vif.<\/p>\n<p><em>Et votre pre\u00admi\u00e8re lec\u00adture ?<br \/>\n<\/em>\u201cChar\u00adlie et la cho\u00adco\u00adla\u00adte\u00adrie\u201d de Roald Dahl je\u00a0crois.<\/p>\n<p><em>Quelles musiques \u00e9coutez-vous ?<br \/>\n<\/em>J\u2019\u00e9coute beau\u00adcoup de vieux tubes des ann\u00e9es 80, plu\u00adt\u00f4t kitch mais joyeux.<\/p>\n<p><em>Quel est le livre que vous aimez relire ?<br \/>\n<\/em>Je lis\u00a0peu\u2026<\/p>\n<p><em>Quel film vous fait pleu\u00adrer ?<br \/>\n<\/em>\u201cAu revoir les enfants\u201d ou \u201cKra\u00admer contre Kramer\u201d<\/p>\n<p><em>Quand vous vous regar\u00addez dans un miroir qui voyez-vous ?<br \/>\n<\/em>Une enfant qui ne veut pas trop grandir.<\/p>\n<p><em>A qui n\u2019avez-vous jamais os\u00e9 \u00e9crire ?<br \/>\n<\/em>A\u00a0per\u00adsonne. J\u2019ai \u00e9cris ce que j\u2019avais \u00e0\u00a0dire d\u00e8s que j\u2019en res\u00adsen\u00adtais le besoin.<\/p>\n<p><em>Quel(le) ville ou lieu a\u00a0pour vous valeur de mythe ?<br \/>\n<\/em>L\u2019Islande pour son authen\u00adti\u00adcit\u00e9 et sa\u00a0force.<\/p>\n<p><em>Quels sont les artistes et \u00e9cri\u00advains dont vous vous sen\u00adtez le plus proche ?<br \/>\n<\/em>Je me sens sur\u00adtout proche de l\u2019univers de cer\u00adtains r\u00e9a\u00adli\u00adsa\u00adteurs tel que Lars Von trier.<br \/>\nEmil Cio\u00adran et Charles Bukowski m\u2019ont aid\u00e9e et fas\u00adci\u00adn\u00e9e dans ma jeunesse.<\/p>\n<p><em>Qu\u2019aimeriez-vous rece\u00advoir pour votre anni\u00adver\u00adsaire ?<\/em><br \/>\nUn billet de train uti\u00adli\u00adsable \u00e0\u00a0vie et partout.<\/p>\n<p><em>Que d\u00e9fendez-vous ?<\/em><br \/>\nJe d\u00e9fends le droit de rire de tout et de d\u00e9fendre l\u2019ind\u00e9fendable.<\/p>\n<p><em>Que vous ins\u00adpire la phrase de Lacan : \u201cL\u2019Amour c\u2019est don\u00adner quelque chose qu\u2019on n\u2019a pas \u00e0\u00a0quelqu\u2019un qui n\u2019en veut pas\u201d?<\/em><br \/>\nLacan \u00e9tait sans doute plus d\u00e9sa\u00adbus\u00e9 que moi. L\u2019amour \u201ac\u2019est trou\u00adver un puzzle de n\u00e9vroses com\u00adpa\u00adtibles avec les v\u00f4tres.<\/p>\n<p><em>Que pensez-vous de celle de W. Allen : \u201cLa r\u00e9ponse est oui mais quelle \u00e9tait la ques\u00adtion ?<\/em>\u201c<br \/>\nRis\u00adquer de tout vivre quoi qu\u2019il arrive, je trouve \u00e7a courageux.<\/p>\n<p><em>Quelle ques\u00adtion ai-je oubli\u00e9 de vous poser ?<br \/>\n<\/em>Quelle serait votre der\u00adnier mot avant de mourir?<\/p>\n<p style=\"text-align: right;\"><strong>Pr\u00e9\u00adsen\u00adta\u00adtion et entre\u00adtien \u00a0r\u00e9a\u00adlis\u00e9 par Jean-Paul Gavard-Perret pour lelitteraire.com, le 16 mai\u00a02017.<\/strong><\/p>\n<\/div>\n","protected":false},"excerpt":{"rendered":"<p>Celle qui aime le fromage et faire rire (jaune) : entretien avec l\u2019artiste Vanda Spengler &nbsp; http:\/\/www.lelitteraire.com\/?p=31109 &nbsp; &nbsp; Vanda Spen\u00adgler\u00a0joue avec la nudit\u00e9 mais sans jamais s\u2019en moquer, bien au contraire. Elle \u00ab l\u2019utilise \u00bb sans le r\u00e9duire \u00e0\u00a0de la viande \u00e0\u00a0fan\u00adtasmes. L\u2019artiste cr\u00e9e divers c\u00e9r\u00e9\u00admo\u00adniaux (par\u00adfois inqui\u00e9\u00adtants) en ins\u00adtrui\u00adsant des liens entre l\u2019imaginaire [&hellip;]<\/p>\n","protected":false},"author":2,"featured_media":0,"comment_status":"open","ping_status":"open","sticky":false,"template":"","format":"standard","meta":{"footnotes":""},"categories":[],"tags":[],"class_list":["post-651","post","type-post","status-publish","format-standard","hentry"],"_links":{"self":[{"href":"https:\/\/vandaspengler.com\/index.php\/wp-json\/wp\/v2\/posts\/651","targetHints":{"allow":["GET"]}}],"collection":[{"href":"https:\/\/vandaspengler.com\/index.php\/wp-json\/wp\/v2\/posts"}],"about":[{"href":"https:\/\/vandaspengler.com\/index.php\/wp-json\/wp\/v2\/types\/post"}],"author":[{"embeddable":true,"href":"https:\/\/vandaspengler.com\/index.php\/wp-json\/wp\/v2\/users\/2"}],"replies":[{"embeddable":true,"href":"https:\/\/vandaspengler.com\/index.php\/wp-json\/wp\/v2\/comments?post=651"}],"version-history":[{"count":2,"href":"https:\/\/vandaspengler.com\/index.php\/wp-json\/wp\/v2\/posts\/651\/revisions"}],"predecessor-version":[{"id":656,"href":"https:\/\/vandaspengler.com\/index.php\/wp-json\/wp\/v2\/posts\/651\/revisions\/656"}],"wp:attachment":[{"href":"https:\/\/vandaspengler.com\/index.php\/wp-json\/wp\/v2\/media?parent=651"}],"wp:term":[{"taxonomy":"category","embeddable":true,"href":"https:\/\/vandaspengler.com\/index.php\/wp-json\/wp\/v2\/categories?post=651"},{"taxonomy":"post_tag","embeddable":true,"href":"https:\/\/vandaspengler.com\/index.php\/wp-json\/wp\/v2\/tags?post=651"}],"curies":[{"name":"wp","href":"https:\/\/api.w.org\/{rel}","templated":true}]}}