{"id":543,"date":"2018-04-11T10:47:47","date_gmt":"2018-04-11T10:47:47","guid":{"rendered":"http:\/\/vandaspengler.com\/?p=543"},"modified":"2018-04-16T10:23:41","modified_gmt":"2018-04-16T10:23:41","slug":"katia_zamora","status":"publish","type":"post","link":"https:\/\/vandaspengler.com\/index.php\/2018\/04\/11\/katia_zamora\/","title":{"rendered":"Blog de Katia Lanero Zamora"},"content":{"rendered":"<blockquote class=\"wp-embedded-content\" data-secret=\"8CEQRzG5vH\"><p><a href=\"http:\/\/www.katia-lanero-zamora.net\/la-fasterclass-de-vanda-spengler\/\">La fasterclass de Vanda Spengler<\/a><\/p><\/blockquote>\n<iframe loading=\"lazy\" class=\"wp-embedded-content\" sandbox=\"allow-scripts\" security=\"restricted\" style=\"position: absolute; clip: rect(1px, 1px, 1px, 1px);\" src=\"http:\/\/www.katia-lanero-zamora.net\/la-fasterclass-de-vanda-spengler\/embed\/#?secret=8CEQRzG5vH\" data-secret=\"8CEQRzG5vH\" width=\"600\" height=\"338\" title=\"\u00ab\u00a0La fasterclass de Vanda Spengler\u00a0\u00bb &#8212; Katia Lanero Zamora\" frameborder=\"0\" marginwidth=\"0\" marginheight=\"0\" scrolling=\"no\"><\/iframe>\n<p>&nbsp;<\/p>\n<p class=\"p2\" style=\"text-align: center;\"><span class=\"s1\"><b>La fasterclass de Vanda Spengler<\/b><\/span><\/p>\n<p class=\"p3\" style=\"text-align: center;\"><span class=\"s1\">Par Katia Lanero Zamora, auteure (juillet 2016)<\/span><\/p>\n<p class=\"p3\" style=\"text-align: left;\">\u00c9change SMS:<\/p>\n<p class=\"p3\"><span class=\"s1\"><span class=\"Apple-converted-space\">\u00a0 \u00a0 <\/span>\u00ab \u2013 J\u2019esp\u00e8re que tu as eu ton train cette fois?<\/span><\/p>\n<p class=\"p3\"><span class=\"s1\"><span class=\"Apple-converted-space\">\u00a0 \u00a0 <\/span>\u2013 Oui, je me cache dans les toilettes \u00e0 chaque fois qu\u2019ils passent et je g\u00e9mis au t\u00e9l\u00e9phone. \u00bb<\/span><\/p>\n<p class=\"p3\"><span class=\"s1\">Cette ann\u00e9e, \u00e0 la r\u00e9sidence des Avocats du Diable, j\u2019ai partag\u00e9 l\u2019\u00e9tage avec Vanda Spengler.<\/span><\/p>\n<p class=\"p3\"><span class=\"s1\">Elle a accept\u00e9 d\u2019inaugurer la cat\u00e9gorie \u00ab Fasterclass \u00bb de ce blog (comme une masterclass, mais en vraiment plus rapide) \u00e0 laquelle je pense depuis longtemps! Fasterclass sera une s\u00e9lection d\u2019articles consacr\u00e9s \u00e0<span class=\"Apple-converted-space\">\u00a0 <\/span>des personnes inspirantes et au message qu\u2019ils transmettraient \u00e0 l\u2019adolescent ou \u00e0 l\u2019artiste novice qu\u2019ils \u00e9taient.<\/span><\/p>\n<p class=\"p3\"><span class=\"s1\">Voici donc la fasterclass Vanda Spengler. (Propos recueillis autour d\u2019un petit d\u00e9jeuner apr\u00e8s une nuit de chasse au moustique.) (Please don\u2019t juge us.)<\/span><\/p>\n<p class=\"p3\"><span class=\"s1\"><b>Comment en es-tu venue \u00e0 prendre un appareil photo en mains?<\/b><\/span><\/p>\n<p class=\"p3\"><span class=\"s1\">C\u2019est venu par paresse. Petite, je voulais \u00eatre r\u00e9alisatrice de films. Quand il a fallu un peu explorer les choses pour voir comment \u00e7a allait \u00eatre possible, \u00e7a m\u2019a paru trop compliqu\u00e9; il y avait trop de choses \u00e0 apprendre. Je me suis dit \u00ab Tiens, pourquoi j\u2019essaierais pas, d\u2019abord de faire un peu de photo, d\u2019apprendre les images, aller vers les gens. \u00bb<\/span><\/p>\n<p class=\"p3\"><span class=\"s1\">J\u2019ai commenc\u00e9 quand j\u2019avais 18 ans. Je ne connaissais aucun photographe, je n\u2019ai pas voulu faire d\u2019\u00e9cole. Je consid\u00e8re qu\u2019on peut apprendre avec l\u2019\u00e9cole de la vie, les exp\u00e9riences, mais je ne pense pas que c\u2019est \u00e0 l\u2019\u00e9cole qu\u2019on apprend le mieux. Les artistes que j\u2019admire le plus sont dilettantes. J\u2019ai du refaire par moi-m\u00eame s\u00fbrement toute l\u2019histoire de la photo, et j\u2019ai s\u00fbrement perdu du temps, peut-\u00eatre, mais c\u2019\u00e9tait mon chemin \u00e0 moi. Je n\u2019aime pas le communaut\u00e9s, le c\u00f4t\u00e9 formatant, \u00ab appartenir \u00e0 une \u00e9cole \u00bb, \u00e7a m\u2019aurait peut-\u00eatre plus \u00e9teinte qu\u2019\u00e9panouie.<\/span><\/p>\n<p class=\"p3\"><span class=\"s1\">J\u2019avais envie d\u2019explorer des choses, je me suis orient\u00e9e vers ce qui \u00e9tait le moins fatiguant.<\/span><\/p>\n<p class=\"p3\"><span class=\"s1\"><b>\u00c0 18 ans, donc, tu te lances, tu explores\u2026 Qu\u2019est-ce qui te fait pers\u00e9v\u00e9rer? Qu\u2019est-ce qui te fait dire \u00ab OK, c\u2019est important, \u00e7a d\u00e9passe le hobby ou la lubie \u00bb?<\/b><\/span><\/p>\n<p class=\"p3\"><span class=\"s1\">En premier lieu, dans les premiers temps, les auto-portraits. Ils me faisaient beaucoup de bien, c\u2019\u00e9tait cathartique. Je suis devenue assez fragile \u00e0 partir du moment o\u00f9 j\u2019ai d\u00e9couvert l\u2019amour. C\u2019\u00e9tait comme si une partie de moi r\u00e9alisait qu\u2019elle n\u2019\u00e9tait pas compl\u00e8te, qu\u2019elle avait besoin d\u2019un autre. J\u2019ai d\u00e9couvert mes fragilit\u00e9s et la photo m\u2019a beaucoup aid\u00e9e, m\u2019aide encore aujourd\u2019hui. C\u2019est aussi th\u00e9rapeutique qu\u2019artistique.<\/span><\/p>\n<p class=\"p3\"><span class=\"s1\">L\u00e9gitimement, j\u2019ai eu besoin d\u2019un autre regard. \u00c7a ne fait pas longtemps que j\u2019arrive<span class=\"Apple-converted-space\">\u00a0 <\/span>\u00e0 dire que je suis photographe. \u00c7a n\u2019est venu qu\u2019\u00e0 partir du moment o\u00f9 j\u2019ai vendu une \u0153uvre \u00e0 quelqu\u2019un que je ne connaissais pas, qui avait un int\u00e9r\u00eat pour mon travail, qui a appr\u00e9ci\u00e9 ce que je faisais. C\u2019est \u00e7a qui m\u2019a fait pers\u00e9v\u00e9rer.<\/span><\/p>\n<p class=\"p3\"><span class=\"s1\">Je ne sais pas si je me consid\u00e8re comme artiste ou photographe. Pour moi, un artiste c\u2019est quelqu\u2019un qui a besoin de cr\u00e9er tous les jours. Je peux passer un mois sans toucher \u00e0 un appareil photo. Par contre, pendant ce temps, je ne cesse de penser \u00e0 mes photos, je contacte mes mod\u00e8les, je pr\u00e9pare mes s\u00e9ances. Je pr\u00e9f\u00e8re le terme \u00ab artisan \u00bb, plus humble, li\u00e9 \u00e0 une d\u00e9marche plus dilettante et avec plus de plaisir. Il n\u2019y a pas de souffrance quand je cr\u00e9e. Je ne suis pas quelqu\u2019un qui se met beaucoup de pression.<\/span><\/p>\n<p class=\"p3\"><span class=\"s1\"><span class=\"Apple-converted-space\">\u00a0 \u00a0 <\/span>D\u00e9couvrir que j\u2019avais des c\u00f4t\u00e9s d\u00e9pressifs m\u2019a permis de chercher la catharsis dans la photographie.<\/span><\/p>\n<p class=\"p3\"><span class=\"s1\"><b>Ta premi\u00e8re expo? Elle t\u2019a marqu\u00e9e?<\/b><\/span><\/p>\n<p class=\"p3\"><span class=\"s1\">\u00c7a devait \u00eatre au bout de cinq ans. C\u2019\u00e9tait dans le bar des parents d\u2019un ami d\u2019enfance. J\u2019ai fait ce qu\u2019il ne faut pas faire:<span class=\"Apple-converted-space\">\u00a0 <\/span>exposer trop de photos, des s\u00e9ries qui n\u2019ont rien \u00e0 avoir les unes avec les autres. C\u2019\u00e9tait un style color\u00e9, bariol\u00e9, que je n\u2019ai plus du tout! Je cherchais le beau que je ne trouvais pas \u00e0 l\u2019int\u00e9rieur de moi. Je cherchais la lumi\u00e8re, la surcharge, la couleur, parce que je me sentais vide et triste. Des femmes tr\u00e8s glamour, ambiance boudoir,\u2026 l\u2019inverse de ce que je fais maintenant. Je faisais des photos qui plaisaient \u00e0 plus de gens, parce qu\u2019il y avait un c\u00f4t\u00e9 connu, rassurant, dans ces photos. J\u2019\u00e9tais dans la recherche du beau comme on nous l\u2019impose, ce qui n\u2019est plus du tout mon point de vue maintenant. J\u2019ai mis beaucoup de temps \u00e0 trouver mon univers.<\/span><\/p>\n<p class=\"p3\"><span class=\"s1\"><span class=\"Apple-converted-space\">\u00a0 \u00a0 <\/span>Quand on dit de ton art, de ton travail, \u00ab C\u2019est joli, c\u2019est sympa \u00bb ou \u00ab c\u2019est cool \u00bb, globalement, c\u2019est que tu as rat\u00e9 quelque chose. On ne me le dit plus aujourd\u2019hui. Pour moi, je suis en bonne voie.<\/span><\/p>\n<p class=\"p3\"><span class=\"s1\">\u00c0 l\u2019\u00e9poque, c\u2019\u00e9tait une fa\u00e7on pour moi de me faire aimer, de faire des photos jolies. C\u2019\u00e9tait d\u00e9j\u00e0 tr\u00e8s pathologique. Cette premi\u00e8re expo, c\u2019\u00e9tait un moment important \u00e9motionnellement, mais pas artistiquement.<\/span><\/p>\n<p class=\"p3\"><span class=\"s1\"><b>Du coup, comment s\u2019est faite l\u2019\u00e9volution vers ton travail d\u2019aujourd\u2019hui? Lente progression ou rupture brusque?<\/b><\/span><\/p>\n<p class=\"p3\"><span class=\"s1\">Lente \u00e9volution. Tout est venu du nu. D\u00e8s le d\u00e9but, \u00e7a me fascinait. Ce n\u2019est qu\u2019au bout de 8 ans que je n\u2019ai voulu faire que du nu. En ayant banni le moindre accessoire, en ayant cess\u00e9 les compromis avec les mod\u00e8les, je suis arriv\u00e9e, pour moi, \u00e0 la transparence en \u00e9tant nu. J\u2019ai assum\u00e9 de ne faire que du nu, bien que je suis encore en train d\u2019explorer d\u2019autres pistes, mais je n\u2019abandonne pas le nu pour autre chose. C\u2019est en parall\u00e8le.<\/span><\/p>\n<p class=\"p3\"><span class=\"s1\"><span class=\"Apple-converted-space\">\u00a0 \u00a0 <\/span>Le point essentiel, c\u2019est que j\u2019ai tent\u00e9 de red\u00e9finir ma conception de la beaut\u00e9. Je voulais m\u2019\u00e9loigner de l\u2019esth\u00e9tisation pour m\u2019approcher de la beaut\u00e9-force, authentique. Mes mod\u00e8les ont des physiques hors-norme qu\u2019il me suffit de suivre.<\/span><\/p>\n<p class=\"p3\"><span class=\"s1\"><b>Peux-tu nous pr\u00e9senter Robert?<\/b><\/span><\/p>\n<p class=\"p3\"><span class=\"s1\">Robert est un mille-pattes. Je l\u2019a achet\u00e9 dans une animalerie sp\u00e9cialis\u00e9e en N.A.C (nouveaux animaux de compagnie). Il vient du Cameroun, il mesure 15 cm sur un cm de large, deux de haut, cuirass\u00e9, de magnifiques petites pattes. Il a quelque chose qui me fascine. Je cherchais un insecte pour le court-m\u00e9trage que je pr\u00e9pare. Je retourne \u00e0 mon tout premier r\u00eave, \u00eatre r\u00e9alisatrice. Je tenais \u00e0 me confronter \u00e0 ce r\u00eave de petite fille.<\/span><\/p>\n<p class=\"p3\"><span class=\"s1\">J\u2019adore le fantastique, la science-fiction, l\u2019horreur. Donc, mon film est angoissant. Une atmosph\u00e8re glauque. Moi, qu\u2019est-ce qui me met mal \u00e0 l\u2019aise? Les invert\u00e9br\u00e9s. Je voulais d\u00e9passer cette phobie en \u00ab mettant en sc\u00e8ne \u00bb des insectes. Enfin, \u00ab en mettant en sc\u00e8ne \u00bb, je<span class=\"Apple-converted-space\">\u00a0 <\/span>ne crois pas que je vais diriger Robert, quoi que notre relation \u00e9volue et \u00e7a commence \u00e0 assez bien se passer. Il vient sur mon ventre, il est m\u00eame venu dans mes cheveux hier, et on s\u2019apprivoise. Je vais devoir le filmer avec deux petites filles, et il faut que moi-m\u00eame je sois \u00e0 l\u2019aise avec lui. J\u2019ai une fascination pour les insectes, comme pour la viande morte. Je pense qu\u2019il y a un travail \u00e0 faire autour de \u00e7a.<\/span><\/p>\n<p class=\"p3\" style=\"text-align: center;\"><img loading=\"lazy\" decoding=\"async\" class=\"alignnone size-medium wp-image-544\" src=\"http:\/\/vandaspengler.com\/wp-content\/uploads\/2018\/04\/1468411877092-533x400.jpg\" alt=\"1468411877092\" width=\"533\" height=\"400\" srcset=\"https:\/\/vandaspengler.com\/wp-content\/uploads\/2018\/04\/1468411877092-533x400.jpg 533w, https:\/\/vandaspengler.com\/wp-content\/uploads\/2018\/04\/1468411877092-267x200.jpg 267w, https:\/\/vandaspengler.com\/wp-content\/uploads\/2018\/04\/1468411877092-800x600.jpg 800w, https:\/\/vandaspengler.com\/wp-content\/uploads\/2018\/04\/1468411877092-1600x1200.jpg 1600w\" sizes=\"auto, (max-width: 533px) 100vw, 533px\" \/><\/p>\n<p class=\"p3\" style=\"text-align: left;\"><em><span class=\"s1\">Autoportrait. Vanda et Robert <\/span><\/em><\/p>\n<p class=\"p3\"><span class=\"s1\"><b>Si tu avais des conseils \u00e0 donner \u00e0 la Vanda, d\u2019il y a 15 ans, ou \u00e0 quelqu\u2019un qui commence\u2026<\/b><\/span><\/p>\n<p class=\"p3\"><span class=\"s1\"><span class=\"Apple-converted-space\">\u00a0 \u00a0 <\/span>Sois honn\u00eate avec toi-m\u00eame.<\/span><\/p>\n<p class=\"p3\"><span class=\"s1\"><span class=\"Apple-converted-space\">\u00a0 \u00a0 <\/span>Sois sinc\u00e8re dans ta d\u00e9marche, dans ce que tu veux transmettre.<\/span><\/p>\n<p class=\"p3\"><span class=\"s1\"><span class=\"Apple-converted-space\">\u00a0 \u00a0 <\/span>Assume que \u00e7a dit beaucoup de toi et assume de montrer tes failles.<\/span><\/p>\n<p class=\"p3\"><span class=\"s1\"><span class=\"Apple-converted-space\">\u00a0 \u00a0 <\/span>Mets-toi en danger.<\/span><\/p>\n<p class=\"p3\"><span class=\"s1\"><span class=\"Apple-converted-space\">\u00a0 \u00a0 <\/span>Sois plein d\u2019audace.<\/span><\/p>\n<p class=\"p3\"><span class=\"s1\"><span class=\"Apple-converted-space\">\u00a0 \u00a0 <\/span>N\u2019oublie pas qu\u2019on est des saltimbanques et que tout \u00e7a est un jeu.<\/span><\/p>\n<p class=\"p3\"><span class=\"s1\"><span class=\"Apple-converted-space\">\u00a0 \u00a0 <\/span>Et sors de ton lit! Il y a plein de choses qui se passent dehors!<\/span><\/p>\n","protected":false},"excerpt":{"rendered":"<p>La fasterclass de Vanda Spengler &nbsp; La fasterclass de Vanda Spengler Par Katia Lanero Zamora, auteure (juillet 2016) \u00c9change SMS: \u00a0 \u00a0 \u00ab \u2013 J\u2019esp\u00e8re que tu as eu ton train cette fois? \u00a0 \u00a0 \u2013 Oui, je me cache dans les toilettes \u00e0 chaque fois qu\u2019ils passent et je g\u00e9mis au t\u00e9l\u00e9phone. \u00bb Cette [&hellip;]<\/p>\n","protected":false},"author":2,"featured_media":0,"comment_status":"open","ping_status":"open","sticky":false,"template":"","format":"standard","meta":{"footnotes":""},"categories":[],"tags":[],"class_list":["post-543","post","type-post","status-publish","format-standard","hentry"],"_links":{"self":[{"href":"https:\/\/vandaspengler.com\/index.php\/wp-json\/wp\/v2\/posts\/543","targetHints":{"allow":["GET"]}}],"collection":[{"href":"https:\/\/vandaspengler.com\/index.php\/wp-json\/wp\/v2\/posts"}],"about":[{"href":"https:\/\/vandaspengler.com\/index.php\/wp-json\/wp\/v2\/types\/post"}],"author":[{"embeddable":true,"href":"https:\/\/vandaspengler.com\/index.php\/wp-json\/wp\/v2\/users\/2"}],"replies":[{"embeddable":true,"href":"https:\/\/vandaspengler.com\/index.php\/wp-json\/wp\/v2\/comments?post=543"}],"version-history":[{"count":8,"href":"https:\/\/vandaspengler.com\/index.php\/wp-json\/wp\/v2\/posts\/543\/revisions"}],"predecessor-version":[{"id":579,"href":"https:\/\/vandaspengler.com\/index.php\/wp-json\/wp\/v2\/posts\/543\/revisions\/579"}],"wp:attachment":[{"href":"https:\/\/vandaspengler.com\/index.php\/wp-json\/wp\/v2\/media?parent=543"}],"wp:term":[{"taxonomy":"category","embeddable":true,"href":"https:\/\/vandaspengler.com\/index.php\/wp-json\/wp\/v2\/categories?post=543"},{"taxonomy":"post_tag","embeddable":true,"href":"https:\/\/vandaspengler.com\/index.php\/wp-json\/wp\/v2\/tags?post=543"}],"curies":[{"name":"wp","href":"https:\/\/api.w.org\/{rel}","templated":true}]}}